{"id":22067,"date":"2019-04-17T12:22:02","date_gmt":"2019-04-17T15:22:02","guid":{"rendered":"https:\/\/rutiniwines.com\/historia-do-malbec-e-sua-marca-argentina\/"},"modified":"2019-04-17T12:22:02","modified_gmt":"2019-04-17T15:22:02","slug":"historia-do-malbec-e-sua-marca-argentina","status":"publish","type":"post","link":"https:\/\/rutiniwines.com\/pt-br\/historia-do-malbec-e-sua-marca-argentina\/","title":{"rendered":"Hist\u00f3ria do Malbec e sua marca argentina"},"content":{"rendered":"<h5><span data-sheets-root=\"1\" data-sheets-value=\"{\"1\":2,\"2\":\"Historia del Malbec y su impronta Argentina\"}\" data-sheets-userformat=\"{\"2\":515,\"3\":{\"1\":0},\"4\":{\"1\":2,\"2\":14281427},\"12\":0}\">Hist\u00f3ria do Malbec e sua marca argentina<\/span><\/h5>\n<p><img loading=\"lazy\" decoding=\"async\" class=\"wp-image-1445 aligncenter\" src=\"https:\/\/www.rutiniwines.com\/wp-content\/uploads\/2017\/06\/DSC_0887.jpg\" alt=\"\" width=\"475\" height=\"317\" srcset=\"https:\/\/rutiniwines.com\/wp-content\/uploads\/2017\/06\/DSC_0887.jpg 1199w, https:\/\/rutiniwines.com\/wp-content\/uploads\/2017\/06\/DSC_0887-300x200.jpg 300w, https:\/\/rutiniwines.com\/wp-content\/uploads\/2017\/06\/DSC_0887-1024x683.jpg 1024w, https:\/\/rutiniwines.com\/wp-content\/uploads\/2017\/06\/DSC_0887-768x512.jpg 768w\" sizes=\"auto, (max-width: 475px) 100vw, 475px\" \/><\/p>\n<p><span style=\"font-weight: 400;\">A hist\u00f3ria do Malbec come\u00e7ou quando essa uva nem sequer tinha esse nome e sobreviveu \u00e0 praga da filoxera que atingiu a Europa no s\u00e9culo XIX.<br \/>\nEnt\u00e3o, um peregrino h\u00fangaro chamado Monsieur Malbeck foi o primeiro a conseguir plantar essa variedade de uva separadamente em grandes lotes e, por fim, ele tamb\u00e9m se encarregou de difundi-la na Fran\u00e7a, come\u00e7ando por Cahors e depois Bordeaux.   <\/span><\/p>\n<p><span style=\"font-weight: 400;\">Ao longo dos s\u00e9culos, essa variedade encontrou seu lugar no mundo: a Argentina.<br \/>\nComo a variedade de uva com mais hectares plantados no pa\u00eds e a que nos representa, n\u00e3o \u00e9 de surpreender que ela mere\u00e7a seu pr\u00f3prio dia.<br \/>\nPor isso, desde 2011, o Dia Mundial do Malbec \u00e9 comemorado todo dia 17 de abril.  <\/span><\/p>\n<p><b>Por que essa data?<\/b><\/p>\n<p><span style=\"font-weight: 400;\">De acordo com dados hist\u00f3ricos, o Malbec chegou \u00e0 Argentina em 1853 gra\u00e7as a um agr\u00f4nomo franc\u00eas chamado Michel Aim\u00e9 Pouget.<br \/>\nA pedido do ent\u00e3o presidente Domingo Faustino Sarmiento, Pouget dirigiu um centro de treinamento para agr\u00f4nomos, en\u00f3logos e viticultores chamado Quinta Agron\u00f4mica de Mendoza.<br \/>\nO projeto foi formalmente apresentado \u00e0 Legislatura Provincial em 17 de abril de 1853.  <\/span><\/p>\n<p><b>O que o Malbec significa para nossa equipe de vinicultores?<\/b><\/p>\n<p><i><img loading=\"lazy\" decoding=\"async\" class=\"wp-image-5251 alignleft\" src=\"https:\/\/www.rutiniwines.com\/wp-content\/uploads\/2019\/04\/MDIPAOLA2..jpg\" alt=\"\" width=\"250\" height=\"250\"> <\/i><\/p>\n<p><i><a href=\"http:\/\/www.rutiniwines.com\/bodega\/#enologo\" target=\"_blank\" rel=\"noopener\">Mariano Di Paola<\/a> &#8211; Diretor de Enologia  <\/i><\/p>\n<p><span style=\"font-weight: 400;\">&#8220;Pensar no que o Malbec significa para n\u00f3s me remete \u00e0 celebra\u00e7\u00e3o, \u00e0 felicidade e ao orgulho de que esta seja nossa variedade de uva representativa em todo o mundo. O prazer de saber que, quando trabalhamos com ela todos os dias, descobrimos novos caminhos que se abrem para continuar nos surpreendendo. Gosto do que ela nos d\u00e1, do que ela pode nos dar e do que podemos descobrir no futuro&#8221;.<\/span><\/p>\n<p><img loading=\"lazy\" decoding=\"async\" class=\" wp-image-5244 alignright\" src=\"https:\/\/www.rutiniwines.com\/wp-content\/uploads\/2019\/04\/gfernandez.jpg\" alt=\"\" width=\"250\" height=\"250\"><\/p>\n<p style=\"text-align: right;\"><i><a href=\"https:\/\/www.instagram.com\/gonzafernandezgregorat\/\">Gonzalo Fernandez Gregorat<\/a> &#8211; 1\u00ba en\u00f3logo<\/i><\/p>\n<p style=\"text-align: right;\"><span style=\"font-weight: 400;\">&#8220;Trabalhar com Malbec \u00e9 um desafio constante para mim pessoalmente, pois h\u00e1 tanta oferta e quantidade de vinhos no mercado que nos obriga a buscar constantemente a inova\u00e7\u00e3o e a melhoria da qualidade a cada ano&#8221;.  <\/span><\/p>\n<p><i><img loading=\"lazy\" decoding=\"async\" class=\"alignleft wp-image-5241\" src=\"https:\/\/www.rutiniwines.com\/wp-content\/uploads\/2019\/04\/mdipaolaH.jpg\" alt=\"\" width=\"250\" height=\"250\"> <\/i><\/p>\n<p style=\"text-align: left;\"><i><a href=\"https:\/\/www.instagram.com\/nanidipaola\/\" target=\"_blank\" rel=\"noopener\">Mariano Di Paola (filho)<\/a> &#8211; especialista em vinhos espumantes<\/i><\/p>\n<p><span style=\"font-weight: 400;\">&#8220;Fizemos um espumante 100% Malbec, o que, no in\u00edcio, foi um grande desafio, pois fomos assessorados por especialistas de Champagne (Fran\u00e7a) que levaram muito tempo para entender essa variedade com caracter\u00edsticas \u00fanicas que s\u00f3 s\u00e3o encontradas em nosso pa\u00eds&#8221;.<\/span><\/p>\n<p><img loading=\"lazy\" decoding=\"async\" class=\" wp-image-5242 alignright\" src=\"https:\/\/www.rutiniwines.com\/wp-content\/uploads\/2019\/04\/vivienmoran.jpg\" alt=\"\" width=\"250\" height=\"250\"><\/p>\n<p style=\"text-align: right;\"><i><a href=\"https:\/\/www.instagram.com\/vivienmorvan\/\" target=\"_blank\" rel=\"noopener\">Vivien Morvan<\/a> &#8211; En\u00f3logo franc\u00eas especialista em ros\u00e9s<\/i><\/p>\n<p style=\"text-align: right;\"><span style=\"font-weight: 400;\">&#8220;A cada ros\u00e9 que fazemos com essa uva, descobrimos um produto diferenciado com um perfil \u00fanico, acima dos demais, especialmente os que v\u00eam de outras partes do mundo, porque temos uma vantagem que os outros n\u00e3o t\u00eam: o Malbec. Ter essa cepa exclusiva da Argentina torna o produto final insubstitu\u00edvel&#8221;.<\/span><\/p>\n<p><img loading=\"lazy\" decoding=\"async\" class=\" wp-image-5239 alignleft\" src=\"https:\/\/www.rutiniwines.com\/wp-content\/uploads\/2019\/04\/ANALAURAFERNANDEZ1.jpg\" alt=\"\" width=\"250\" height=\"250\"><\/p>\n<p><i><a href=\"https:\/\/www.instagram.com\/a_n_a_fernandez\/\" target=\"_blank\" rel=\"noopener\">Ana Laura Fernandez<\/a> &#8211; especialista em bio-reator de levedura<\/i><\/p>\n<p><span style=\"font-weight: 400;\">&#8220;As primeiras experi\u00eancias em que trabalhamos com o bio-reator de leveduras foram para inocular Malbec de nossa propriedade em Guatallary (Tupungato). Escolhemos essa variedade por causa de sua nobreza e da confian\u00e7a que nos d\u00e1 trabalhar com ela&#8221;.<\/span><\/p>\n<p><img loading=\"lazy\" decoding=\"async\" class=\"wp-image-5250 alignright\" src=\"https:\/\/www.rutiniwines.com\/wp-content\/uploads\/2019\/04\/charlyE2.jpg\" alt=\"\" width=\"250\" height=\"250\"><\/p>\n<p style=\"text-align: right;\"><i><a href=\"https:\/\/www.instagram.com\/charly_enfarrell\/\" target=\"_blank\" rel=\"noopener\">Charly Enfarrell<\/a> &#8211; especialista em barris<\/i><\/p>\n<p style=\"text-align: right;\"><span style=\"font-weight: 400;\">&#8220;O carvalho bem utilizado, na medida certa e com potencial equilibrado, \u00e9 a ferramenta ideal para aprimorar ainda mais qualquer Malbec. Nossas experi\u00eancias mostram que podemos oferecer uma enorme gama de op\u00e7\u00f5es para diversificar ainda mais os estilos de cada vinho acabado&#8221;.<\/span><\/p>\n","protected":false},"excerpt":{"rendered":"<p>Hist\u00f3ria do Malbec e sua marca argentina A hist\u00f3ria do Malbec come\u00e7ou quando essa uva nem sequer tinha esse nome [&hellip;]<\/p>\n","protected":false},"author":1,"featured_media":18899,"comment_status":"closed","ping_status":"closed","sticky":false,"template":"","format":"standard","meta":{"_uag_custom_page_level_css":"","site-sidebar-layout":"default","site-content-layout":"","ast-site-content-layout":"default","site-content-style":"default","site-sidebar-style":"default","ast-global-header-display":"","ast-banner-title-visibility":"","ast-main-header-display":"","ast-hfb-above-header-display":"","ast-hfb-below-header-display":"","ast-hfb-mobile-header-display":"","site-post-title":"","ast-breadcrumbs-content":"","ast-featured-img":"","footer-sml-layout":"","ast-disable-related-posts":"","theme-transparent-header-meta":"","adv-header-id-meta":"","stick-header-meta":"","header-above-stick-meta":"","header-main-stick-meta":"","header-below-stick-meta":"","astra-migrate-meta-layouts":"default","ast-page-background-enabled":"default","ast-page-background-meta":{"desktop":{"background-color":"var(--ast-global-color-4)","background-image":"","background-repeat":"repeat","background-position":"center center","background-size":"auto","background-attachment":"scroll","background-type":"","background-media":"","overlay-type":"","overlay-color":"","overlay-opacity":"","overlay-gradient":""},"tablet":{"background-color":"","background-image":"","background-repeat":"repeat","background-position":"center center","background-size":"auto","background-attachment":"scroll","background-type":"","background-media":"","overlay-type":"","overlay-color":"","overlay-opacity":"","overlay-gradient":""},"mobile":{"background-color":"","background-image":"","background-repeat":"repeat","background-position":"center center","background-size":"auto","background-attachment":"scroll","background-type":"","background-media":"","overlay-type":"","overlay-color":"","overlay-opacity":"","overlay-gradient":""}},"ast-content-background-meta":{"desktop":{"background-color":"var(--ast-global-color-5)","background-image":"","background-repeat":"repeat","background-position":"center center","background-size":"auto","background-attachment":"scroll","background-type":"","background-media":"","overlay-type":"","overlay-color":"","overlay-opacity":"","overlay-gradient":""},"tablet":{"background-color":"var(--ast-global-color-5)","background-image":"","background-repeat":"repeat","background-position":"center center","background-size":"auto","background-attachment":"scroll","background-type":"","background-media":"","overlay-type":"","overlay-color":"","overlay-opacity":"","overlay-gradient":""},"mobile":{"background-color":"var(--ast-global-color-5)","background-image":"","background-repeat":"repeat","background-position":"center center","background-size":"auto","background-attachment":"scroll","background-type":"","background-media":"","overlay-type":"","overlay-color":"","overlay-opacity":"","overlay-gradient":""}},"footnotes":"","_links_to":"","_links_to_target":""},"categories":[74],"tags":[121,119],"class_list":["post-22067","post","type-post","status-publish","format-standard","has-post-thumbnail","hentry","category-guias-rapidos","tag-malbec-pt-br-2","tag-vinotinto-pt-br"],"yoast_head":"<!-- This site is optimized with the Yoast SEO plugin v26.8 - https:\/\/yoast.com\/product\/yoast-seo-wordpress\/ -->\n<title>Hist\u00f3ria do Malbec e sua marca argentina - Bodega Rutini Wines<\/title>\n<meta name=\"description\" content=\"\u00c9 a variedade de uva com o maior n\u00famero de hectares plantados no pa\u00eds e que nos representa. Desde 2011, o Dia Mundial do Malbec \u00e9 comemorado todo dia 17 de abril.\" \/>\n<meta name=\"robots\" content=\"index, follow, max-snippet:-1, max-image-preview:large, max-video-preview:-1\" \/>\n<link rel=\"canonical\" href=\"https:\/\/rutiniwines.com\/pt-br\/historia-do-malbec-e-sua-marca-argentina\/\" \/>\n<meta property=\"og:locale\" content=\"pt_BR\" \/>\n<meta property=\"og:type\" content=\"article\" \/>\n<meta property=\"og:title\" content=\"Hist\u00f3ria do Malbec e sua marca argentina - Bodega Rutini Wines\" \/>\n<meta property=\"og:description\" content=\"\u00c9 a variedade de uva com o maior n\u00famero de hectares plantados no pa\u00eds e que nos representa. Desde 2011, o Dia Mundial do Malbec \u00e9 comemorado todo dia 17 de abril.\" \/>\n<meta property=\"og:url\" content=\"https:\/\/rutiniwines.com\/pt-br\/historia-do-malbec-e-sua-marca-argentina\/\" \/>\n<meta property=\"og:site_name\" content=\"Bodega Rutini Wines\" \/>\n<meta property=\"article:published_time\" content=\"2019-04-17T15:22:02+00:00\" \/>\n<meta property=\"og:image\" content=\"https:\/\/rutiniwines.com\/wp-content\/uploads\/2017\/06\/DSC_0887.jpg\" \/>\n\t<meta property=\"og:image:width\" content=\"1199\" \/>\n\t<meta property=\"og:image:height\" content=\"800\" \/>\n\t<meta property=\"og:image:type\" content=\"image\/jpeg\" \/>\n<meta name=\"author\" content=\"adminr\" \/>\n<meta name=\"twitter:card\" content=\"summary_large_image\" \/>\n<meta name=\"twitter:label1\" content=\"Escrito por\" \/>\n\t<meta name=\"twitter:data1\" content=\"adminr\" \/>\n\t<meta name=\"twitter:label2\" content=\"Est. tempo de leitura\" \/>\n\t<meta name=\"twitter:data2\" content=\"3 minutos\" \/>\n<script type=\"application\/ld+json\" class=\"yoast-schema-graph\">{\"@context\":\"https:\/\/schema.org\",\"@graph\":[{\"@type\":\"Article\",\"@id\":\"https:\/\/rutiniwines.com\/pt-br\/historia-do-malbec-e-sua-marca-argentina\/#article\",\"isPartOf\":{\"@id\":\"https:\/\/rutiniwines.com\/pt-br\/historia-do-malbec-e-sua-marca-argentina\/\"},\"author\":{\"name\":\"adminr\",\"@id\":\"https:\/\/rutiniwines.com\/#\/schema\/person\/a0b94e4a395ff1b7f8b47458723ea4ca\"},\"headline\":\"Hist\u00f3ria do Malbec e sua marca argentina\",\"datePublished\":\"2019-04-17T15:22:02+00:00\",\"mainEntityOfPage\":{\"@id\":\"https:\/\/rutiniwines.com\/pt-br\/historia-do-malbec-e-sua-marca-argentina\/\"},\"wordCount\":554,\"publisher\":{\"@id\":\"https:\/\/rutiniwines.com\/#organization\"},\"image\":{\"@id\":\"https:\/\/rutiniwines.com\/pt-br\/historia-do-malbec-e-sua-marca-argentina\/#primaryimage\"},\"thumbnailUrl\":\"https:\/\/rutiniwines.com\/wp-content\/uploads\/2017\/06\/DSC_0887.jpg\",\"keywords\":[\"malbec\",\"vinotinto\"],\"articleSection\":[\"Guias r\u00e1pidos\"],\"inLanguage\":\"pt-BR\"},{\"@type\":\"WebPage\",\"@id\":\"https:\/\/rutiniwines.com\/pt-br\/historia-do-malbec-e-sua-marca-argentina\/\",\"url\":\"https:\/\/rutiniwines.com\/pt-br\/historia-do-malbec-e-sua-marca-argentina\/\",\"name\":\"Hist\u00f3ria do Malbec e sua marca argentina - Bodega Rutini Wines\",\"isPartOf\":{\"@id\":\"https:\/\/rutiniwines.com\/#website\"},\"primaryImageOfPage\":{\"@id\":\"https:\/\/rutiniwines.com\/pt-br\/historia-do-malbec-e-sua-marca-argentina\/#primaryimage\"},\"image\":{\"@id\":\"https:\/\/rutiniwines.com\/pt-br\/historia-do-malbec-e-sua-marca-argentina\/#primaryimage\"},\"thumbnailUrl\":\"https:\/\/rutiniwines.com\/wp-content\/uploads\/2017\/06\/DSC_0887.jpg\",\"datePublished\":\"2019-04-17T15:22:02+00:00\",\"description\":\"\u00c9 a variedade de uva com o maior n\u00famero de hectares plantados no pa\u00eds e que nos representa. Desde 2011, o Dia Mundial do Malbec \u00e9 comemorado todo dia 17 de abril.\",\"breadcrumb\":{\"@id\":\"https:\/\/rutiniwines.com\/pt-br\/historia-do-malbec-e-sua-marca-argentina\/#breadcrumb\"},\"inLanguage\":\"pt-BR\",\"potentialAction\":[{\"@type\":\"ReadAction\",\"target\":[\"https:\/\/rutiniwines.com\/pt-br\/historia-do-malbec-e-sua-marca-argentina\/\"]}]},{\"@type\":\"ImageObject\",\"inLanguage\":\"pt-BR\",\"@id\":\"https:\/\/rutiniwines.com\/pt-br\/historia-do-malbec-e-sua-marca-argentina\/#primaryimage\",\"url\":\"https:\/\/rutiniwines.com\/wp-content\/uploads\/2017\/06\/DSC_0887.jpg\",\"contentUrl\":\"https:\/\/rutiniwines.com\/wp-content\/uploads\/2017\/06\/DSC_0887.jpg\",\"width\":1199,\"height\":800},{\"@type\":\"BreadcrumbList\",\"@id\":\"https:\/\/rutiniwines.com\/pt-br\/historia-do-malbec-e-sua-marca-argentina\/#breadcrumb\",\"itemListElement\":[{\"@type\":\"ListItem\",\"position\":1,\"name\":\"Portada\",\"item\":\"https:\/\/rutiniwines.com\/pt-br\/\"},{\"@type\":\"ListItem\",\"position\":2,\"name\":\"Hist\u00f3ria do Malbec e sua marca argentina\"}]},{\"@type\":\"WebSite\",\"@id\":\"https:\/\/rutiniwines.com\/#website\",\"url\":\"https:\/\/rutiniwines.com\/\",\"name\":\"Bodega Rutini Wines\",\"description\":\"Valle de Uco - Mendoza - Argentina\",\"publisher\":{\"@id\":\"https:\/\/rutiniwines.com\/#organization\"},\"potentialAction\":[{\"@type\":\"SearchAction\",\"target\":{\"@type\":\"EntryPoint\",\"urlTemplate\":\"https:\/\/rutiniwines.com\/?s={search_term_string}\"},\"query-input\":{\"@type\":\"PropertyValueSpecification\",\"valueRequired\":true,\"valueName\":\"search_term_string\"}}],\"inLanguage\":\"pt-BR\"},{\"@type\":\"Organization\",\"@id\":\"https:\/\/rutiniwines.com\/#organization\",\"name\":\"Rutini Wines\",\"alternateName\":\"Rutini\",\"url\":\"https:\/\/rutiniwines.com\/\",\"logo\":{\"@type\":\"ImageObject\",\"inLanguage\":\"pt-BR\",\"@id\":\"https:\/\/rutiniwines.com\/#\/schema\/logo\/image\/\",\"url\":\"https:\/\/rutiniwines.com\/wp-content\/uploads\/2024\/06\/rutini.png\",\"contentUrl\":\"https:\/\/rutiniwines.com\/wp-content\/uploads\/2024\/06\/rutini.png\",\"width\":313,\"height\":56,\"caption\":\"Rutini Wines\"},\"image\":{\"@id\":\"https:\/\/rutiniwines.com\/#\/schema\/logo\/image\/\"}},{\"@type\":\"Person\",\"@id\":\"https:\/\/rutiniwines.com\/#\/schema\/person\/a0b94e4a395ff1b7f8b47458723ea4ca\",\"name\":\"adminr\",\"image\":{\"@type\":\"ImageObject\",\"inLanguage\":\"pt-BR\",\"@id\":\"https:\/\/rutiniwines.com\/#\/schema\/person\/image\/\",\"url\":\"https:\/\/secure.gravatar.com\/avatar\/fe210c6390d40fad173c067dc11ab87e1ed642adef7d6ffb92faaf53fea926e6?s=96&d=mm&r=g\",\"contentUrl\":\"https:\/\/secure.gravatar.com\/avatar\/fe210c6390d40fad173c067dc11ab87e1ed642adef7d6ffb92faaf53fea926e6?s=96&d=mm&r=g\",\"caption\":\"adminr\"},\"sameAs\":[\"https:\/\/rutiniwines.com\"],\"url\":\"https:\/\/rutiniwines.com\/pt-br\/author\/adminr\/\"}]}<\/script>\n<!-- \/ Yoast SEO plugin. -->","yoast_head_json":{"title":"Hist\u00f3ria do Malbec e sua marca argentina - Bodega Rutini Wines","description":"\u00c9 a variedade de uva com o maior n\u00famero de hectares plantados no pa\u00eds e que nos representa. Desde 2011, o Dia Mundial do Malbec \u00e9 comemorado todo dia 17 de abril.","robots":{"index":"index","follow":"follow","max-snippet":"max-snippet:-1","max-image-preview":"max-image-preview:large","max-video-preview":"max-video-preview:-1"},"canonical":"https:\/\/rutiniwines.com\/pt-br\/historia-do-malbec-e-sua-marca-argentina\/","og_locale":"pt_BR","og_type":"article","og_title":"Hist\u00f3ria do Malbec e sua marca argentina - Bodega Rutini Wines","og_description":"\u00c9 a variedade de uva com o maior n\u00famero de hectares plantados no pa\u00eds e que nos representa. Desde 2011, o Dia Mundial do Malbec \u00e9 comemorado todo dia 17 de abril.","og_url":"https:\/\/rutiniwines.com\/pt-br\/historia-do-malbec-e-sua-marca-argentina\/","og_site_name":"Bodega Rutini Wines","article_published_time":"2019-04-17T15:22:02+00:00","og_image":[{"width":1199,"height":800,"url":"https:\/\/rutiniwines.com\/wp-content\/uploads\/2017\/06\/DSC_0887.jpg","type":"image\/jpeg"}],"author":"adminr","twitter_card":"summary_large_image","twitter_misc":{"Escrito por":"adminr","Est. tempo de leitura":"3 minutos"},"schema":{"@context":"https:\/\/schema.org","@graph":[{"@type":"Article","@id":"https:\/\/rutiniwines.com\/pt-br\/historia-do-malbec-e-sua-marca-argentina\/#article","isPartOf":{"@id":"https:\/\/rutiniwines.com\/pt-br\/historia-do-malbec-e-sua-marca-argentina\/"},"author":{"name":"adminr","@id":"https:\/\/rutiniwines.com\/#\/schema\/person\/a0b94e4a395ff1b7f8b47458723ea4ca"},"headline":"Hist\u00f3ria do Malbec e sua marca argentina","datePublished":"2019-04-17T15:22:02+00:00","mainEntityOfPage":{"@id":"https:\/\/rutiniwines.com\/pt-br\/historia-do-malbec-e-sua-marca-argentina\/"},"wordCount":554,"publisher":{"@id":"https:\/\/rutiniwines.com\/#organization"},"image":{"@id":"https:\/\/rutiniwines.com\/pt-br\/historia-do-malbec-e-sua-marca-argentina\/#primaryimage"},"thumbnailUrl":"https:\/\/rutiniwines.com\/wp-content\/uploads\/2017\/06\/DSC_0887.jpg","keywords":["malbec","vinotinto"],"articleSection":["Guias r\u00e1pidos"],"inLanguage":"pt-BR"},{"@type":"WebPage","@id":"https:\/\/rutiniwines.com\/pt-br\/historia-do-malbec-e-sua-marca-argentina\/","url":"https:\/\/rutiniwines.com\/pt-br\/historia-do-malbec-e-sua-marca-argentina\/","name":"Hist\u00f3ria do Malbec e sua marca argentina - Bodega Rutini Wines","isPartOf":{"@id":"https:\/\/rutiniwines.com\/#website"},"primaryImageOfPage":{"@id":"https:\/\/rutiniwines.com\/pt-br\/historia-do-malbec-e-sua-marca-argentina\/#primaryimage"},"image":{"@id":"https:\/\/rutiniwines.com\/pt-br\/historia-do-malbec-e-sua-marca-argentina\/#primaryimage"},"thumbnailUrl":"https:\/\/rutiniwines.com\/wp-content\/uploads\/2017\/06\/DSC_0887.jpg","datePublished":"2019-04-17T15:22:02+00:00","description":"\u00c9 a variedade de uva com o maior n\u00famero de hectares plantados no pa\u00eds e que nos representa. Desde 2011, o Dia Mundial do Malbec \u00e9 comemorado todo dia 17 de abril.","breadcrumb":{"@id":"https:\/\/rutiniwines.com\/pt-br\/historia-do-malbec-e-sua-marca-argentina\/#breadcrumb"},"inLanguage":"pt-BR","potentialAction":[{"@type":"ReadAction","target":["https:\/\/rutiniwines.com\/pt-br\/historia-do-malbec-e-sua-marca-argentina\/"]}]},{"@type":"ImageObject","inLanguage":"pt-BR","@id":"https:\/\/rutiniwines.com\/pt-br\/historia-do-malbec-e-sua-marca-argentina\/#primaryimage","url":"https:\/\/rutiniwines.com\/wp-content\/uploads\/2017\/06\/DSC_0887.jpg","contentUrl":"https:\/\/rutiniwines.com\/wp-content\/uploads\/2017\/06\/DSC_0887.jpg","width":1199,"height":800},{"@type":"BreadcrumbList","@id":"https:\/\/rutiniwines.com\/pt-br\/historia-do-malbec-e-sua-marca-argentina\/#breadcrumb","itemListElement":[{"@type":"ListItem","position":1,"name":"Portada","item":"https:\/\/rutiniwines.com\/pt-br\/"},{"@type":"ListItem","position":2,"name":"Hist\u00f3ria do Malbec e sua marca argentina"}]},{"@type":"WebSite","@id":"https:\/\/rutiniwines.com\/#website","url":"https:\/\/rutiniwines.com\/","name":"Bodega Rutini Wines","description":"Valle de Uco - Mendoza - Argentina","publisher":{"@id":"https:\/\/rutiniwines.com\/#organization"},"potentialAction":[{"@type":"SearchAction","target":{"@type":"EntryPoint","urlTemplate":"https:\/\/rutiniwines.com\/?s={search_term_string}"},"query-input":{"@type":"PropertyValueSpecification","valueRequired":true,"valueName":"search_term_string"}}],"inLanguage":"pt-BR"},{"@type":"Organization","@id":"https:\/\/rutiniwines.com\/#organization","name":"Rutini Wines","alternateName":"Rutini","url":"https:\/\/rutiniwines.com\/","logo":{"@type":"ImageObject","inLanguage":"pt-BR","@id":"https:\/\/rutiniwines.com\/#\/schema\/logo\/image\/","url":"https:\/\/rutiniwines.com\/wp-content\/uploads\/2024\/06\/rutini.png","contentUrl":"https:\/\/rutiniwines.com\/wp-content\/uploads\/2024\/06\/rutini.png","width":313,"height":56,"caption":"Rutini Wines"},"image":{"@id":"https:\/\/rutiniwines.com\/#\/schema\/logo\/image\/"}},{"@type":"Person","@id":"https:\/\/rutiniwines.com\/#\/schema\/person\/a0b94e4a395ff1b7f8b47458723ea4ca","name":"adminr","image":{"@type":"ImageObject","inLanguage":"pt-BR","@id":"https:\/\/rutiniwines.com\/#\/schema\/person\/image\/","url":"https:\/\/secure.gravatar.com\/avatar\/fe210c6390d40fad173c067dc11ab87e1ed642adef7d6ffb92faaf53fea926e6?s=96&d=mm&r=g","contentUrl":"https:\/\/secure.gravatar.com\/avatar\/fe210c6390d40fad173c067dc11ab87e1ed642adef7d6ffb92faaf53fea926e6?s=96&d=mm&r=g","caption":"adminr"},"sameAs":["https:\/\/rutiniwines.com"],"url":"https:\/\/rutiniwines.com\/pt-br\/author\/adminr\/"}]}},"uagb_featured_image_src":{"full":["https:\/\/rutiniwines.com\/wp-content\/uploads\/2017\/06\/DSC_0887.jpg",1199,800,false],"thumbnail":["https:\/\/rutiniwines.com\/wp-content\/uploads\/2017\/06\/DSC_0887-150x150.jpg",150,150,true],"medium":["https:\/\/rutiniwines.com\/wp-content\/uploads\/2017\/06\/DSC_0887-300x200.jpg",300,200,true],"medium_large":["https:\/\/rutiniwines.com\/wp-content\/uploads\/2017\/06\/DSC_0887-768x512.jpg",768,512,true],"large":["https:\/\/rutiniwines.com\/wp-content\/uploads\/2017\/06\/DSC_0887-1024x683.jpg",1024,683,true],"1536x1536":["https:\/\/rutiniwines.com\/wp-content\/uploads\/2017\/06\/DSC_0887.jpg",1199,800,false],"2048x2048":["https:\/\/rutiniwines.com\/wp-content\/uploads\/2017\/06\/DSC_0887.jpg",1199,800,false]},"uagb_author_info":{"display_name":"adminr","author_link":"https:\/\/rutiniwines.com\/pt-br\/author\/adminr\/"},"uagb_comment_info":0,"uagb_excerpt":"Hist\u00f3ria do Malbec e sua marca argentina A hist\u00f3ria do Malbec come\u00e7ou quando essa uva nem sequer tinha esse nome [&hellip;]","_links":{"self":[{"href":"https:\/\/rutiniwines.com\/pt-br\/wp-json\/wp\/v2\/posts\/22067","targetHints":{"allow":["GET"]}}],"collection":[{"href":"https:\/\/rutiniwines.com\/pt-br\/wp-json\/wp\/v2\/posts"}],"about":[{"href":"https:\/\/rutiniwines.com\/pt-br\/wp-json\/wp\/v2\/types\/post"}],"author":[{"embeddable":true,"href":"https:\/\/rutiniwines.com\/pt-br\/wp-json\/wp\/v2\/users\/1"}],"replies":[{"embeddable":true,"href":"https:\/\/rutiniwines.com\/pt-br\/wp-json\/wp\/v2\/comments?post=22067"}],"version-history":[{"count":0,"href":"https:\/\/rutiniwines.com\/pt-br\/wp-json\/wp\/v2\/posts\/22067\/revisions"}],"wp:featuredmedia":[{"embeddable":true,"href":"https:\/\/rutiniwines.com\/pt-br\/wp-json\/wp\/v2\/media\/18899"}],"wp:attachment":[{"href":"https:\/\/rutiniwines.com\/pt-br\/wp-json\/wp\/v2\/media?parent=22067"}],"wp:term":[{"taxonomy":"category","embeddable":true,"href":"https:\/\/rutiniwines.com\/pt-br\/wp-json\/wp\/v2\/categories?post=22067"},{"taxonomy":"post_tag","embeddable":true,"href":"https:\/\/rutiniwines.com\/pt-br\/wp-json\/wp\/v2\/tags?post=22067"}],"curies":[{"name":"wp","href":"https:\/\/api.w.org\/{rel}","templated":true}]}}