{"id":26238,"date":"2025-04-15T15:38:02","date_gmt":"2025-04-15T18:38:02","guid":{"rendered":"https:\/\/rutiniwines.com\/dia-do-malbec-nosso-carro-chefe-nosso-legado\/"},"modified":"2025-06-30T11:55:22","modified_gmt":"2025-06-30T14:55:22","slug":"dia-do-malbec-nosso-carro-chefe-nosso-legado","status":"publish","type":"post","link":"https:\/\/rutiniwines.com\/pt-br\/dia-do-malbec-nosso-carro-chefe-nosso-legado\/","title":{"rendered":"Dia do Malbec: nosso carro-chefe, nosso legado"},"content":{"rendered":"\n<h1 class=\"wp-block-heading\">Dia do Malbec: nosso carro-chefe, nosso legado<\/h1>\n\n<figure class=\"wp-block-image aligncenter size-large\"><img loading=\"lazy\" decoding=\"async\" width=\"1024\" height=\"683\" src=\"https:\/\/rutiniwines.com\/wp-content\/uploads\/2025\/04\/04-2025-Banner-Desktop-4-1024x683.jpg\" alt=\"\" class=\"wp-image-25735\" srcset=\"https:\/\/rutiniwines.com\/wp-content\/uploads\/2025\/04\/04-2025-Banner-Desktop-4-1024x683.jpg 1024w, https:\/\/rutiniwines.com\/wp-content\/uploads\/2025\/04\/04-2025-Banner-Desktop-4-300x200.jpg 300w, https:\/\/rutiniwines.com\/wp-content\/uploads\/2025\/04\/04-2025-Banner-Desktop-4-768x512.jpg 768w, https:\/\/rutiniwines.com\/wp-content\/uploads\/2025\/04\/04-2025-Banner-Desktop-4.jpg 1200w\" sizes=\"auto, (max-width: 1024px) 100vw, 1024px\" \/><\/figure>\n\n<h6 class=\"wp-block-heading\"><\/h6>\n\n<p>Nesta 15\u00aa edi\u00e7\u00e3o do Dia Mundial do Malbec, a Rutini Wines celebra sua hist\u00f3ria, seu presente vibrante e seu futuro cheio de possibilidades.<\/p>\n\n<p>Todo dia 17 de abril, o mundo ergue sua ta\u00e7a para brindar ao Malbec, a variedade que conquistou os paladares globais e reflete a alma do vinho argentino como nenhuma outra. Hoje, mais do que nunca, valorizamos sua versatilidade, pois h\u00e1 um Malbec para cada pessoa, cada momento e cada mesa. <\/p>\n\n<p>Cada terroir, cada parcela e cada pessoa que se dedica \u00e0 elabora\u00e7\u00e3o do vinho deixa sua pr\u00f3pria marca no Malbec. Assim, o portf\u00f3lio da Rutini Wines oferece uma ampla gama de estilos que expressam diferentes origens, filosofias de vinifica\u00e7\u00e3o e momentos de prazer. De r\u00f3tulos que combinam v\u00e1rios terroirs, como a <strong>Colecci\u00f3n Rutini Malbec<\/strong>, a vinhos de propriedade, como o <strong>Single Vineyard<\/strong>, a vinhos concebidos para envelhecer em carvalho franc\u00eas, como o <strong>Apartado Malbec<\/strong>. O Malbec tamb\u00e9m \u00e9 reinventado em propostas n\u00e3o convencionais, como o <strong>Trumpeter Reserve Ros\u00e9 de Malbec<\/strong> &#8211; um vinho ros\u00e9 feito com 100% de uvas Malbec &#8211; ou o <strong>Rutini Encabezado de Malbec<\/strong>, um vinho fortificado doce que revela outra faceta dessa uva excepcional.   <\/p>\n\n<p>Hoje levantamos nossas ta\u00e7as com o Malbec: brindamos \u00e0 sua hist\u00f3ria e ao seu futuro, \u00e0queles que o elaboram com excel\u00eancia e ao seu papel de embaixador do nosso pa\u00eds no mundo. Sa\u00fade! <\/p>\n\n<p><\/p>\n","protected":false},"excerpt":{"rendered":"<p>Dia do Malbec: nosso carro-chefe, nosso legado Nesta 15\u00aa edi\u00e7\u00e3o do Dia Mundial do Malbec, a Rutini Wines celebra sua [&hellip;]<\/p>\n","protected":false},"author":4,"featured_media":25739,"comment_status":"closed","ping_status":"closed","sticky":false,"template":"","format":"standard","meta":{"_uag_custom_page_level_css":"","site-sidebar-layout":"default","site-content-layout":"","ast-site-content-layout":"default","site-content-style":"default","site-sidebar-style":"default","ast-global-header-display":"","ast-banner-title-visibility":"","ast-main-header-display":"","ast-hfb-above-header-display":"","ast-hfb-below-header-display":"","ast-hfb-mobile-header-display":"","site-post-title":"","ast-breadcrumbs-content":"","ast-featured-img":"","footer-sml-layout":"","ast-disable-related-posts":"","theme-transparent-header-meta":"","adv-header-id-meta":"","stick-header-meta":"","header-above-stick-meta":"","header-main-stick-meta":"","header-below-stick-meta":"","astra-migrate-meta-layouts":"default","ast-page-background-enabled":"default","ast-page-background-meta":{"desktop":{"background-color":"var(--ast-global-color-4)","background-image":"","background-repeat":"repeat","background-position":"center center","background-size":"auto","background-attachment":"scroll","background-type":"","background-media":"","overlay-type":"","overlay-color":"","overlay-opacity":"","overlay-gradient":""},"tablet":{"background-color":"","background-image":"","background-repeat":"repeat","background-position":"center center","background-size":"auto","background-attachment":"scroll","background-type":"","background-media":"","overlay-type":"","overlay-color":"","overlay-opacity":"","overlay-gradient":""},"mobile":{"background-color":"","background-image":"","background-repeat":"repeat","background-position":"center center","background-size":"auto","background-attachment":"scroll","background-type":"","background-media":"","overlay-type":"","overlay-color":"","overlay-opacity":"","overlay-gradient":""}},"ast-content-background-meta":{"desktop":{"background-color":"var(--ast-global-color-5)","background-image":"","background-repeat":"repeat","background-position":"center center","background-size":"auto","background-attachment":"scroll","background-type":"","background-media":"","overlay-type":"","overlay-color":"","overlay-opacity":"","overlay-gradient":""},"tablet":{"background-color":"var(--ast-global-color-5)","background-image":"","background-repeat":"repeat","background-position":"center center","background-size":"auto","background-attachment":"scroll","background-type":"","background-media":"","overlay-type":"","overlay-color":"","overlay-opacity":"","overlay-gradient":""},"mobile":{"background-color":"var(--ast-global-color-5)","background-image":"","background-repeat":"repeat","background-position":"center center","background-size":"auto","background-attachment":"scroll","background-type":"","background-media":"","overlay-type":"","overlay-color":"","overlay-opacity":"","overlay-gradient":""}},"footnotes":"","_links_to":"","_links_to_target":""},"categories":[68],"tags":[],"class_list":["post-26238","post","type-post","status-publish","format-standard","has-post-thumbnail","hentry","category-noticias-sobre-vinhos"],"yoast_head":"<!-- This site is optimized with the Yoast SEO plugin v27.4 - https:\/\/yoast.com\/product\/yoast-seo-wordpress\/ -->\n<title>Dia do Malbec: nosso carro-chefe, nosso legado - Bodega Rutini Wines<\/title>\n<meta name=\"description\" content=\"Nesta 15\u00aa edi\u00e7\u00e3o do Dia Mundial do Malbec, a Rutini Wines celebra sua hist\u00f3ria, seu presente vibrante e seu futuro cheio de possibilidades. Todo dia 17 de abril, o mundo ergue sua ta\u00e7a para brindar ao Malbec, a variedade que conquistou os paladares globais e que reflete a alma do vinho argentino como nenhuma outra. Hoje, mais do que nunca, valorizamos sua versatilidade, pois h\u00e1 um Malbec para cada pessoa, cada momento e cada mesa.\" \/>\n<meta name=\"robots\" content=\"index, follow, max-snippet:-1, max-image-preview:large, max-video-preview:-1\" \/>\n<link rel=\"canonical\" href=\"https:\/\/rutiniwines.com\/pt-br\/dia-do-malbec-nosso-carro-chefe-nosso-legado\/\" \/>\n<meta property=\"og:locale\" content=\"pt_BR\" \/>\n<meta property=\"og:type\" content=\"article\" \/>\n<meta property=\"og:title\" content=\"Dia do Malbec: nosso carro-chefe, nosso legado - Bodega Rutini Wines\" \/>\n<meta property=\"og:description\" content=\"Nesta 15\u00aa edi\u00e7\u00e3o do Dia Mundial do Malbec, a Rutini Wines celebra sua hist\u00f3ria, seu presente vibrante e seu futuro cheio de possibilidades. Todo dia 17 de abril, o mundo ergue sua ta\u00e7a para brindar ao Malbec, a variedade que conquistou os paladares globais e que reflete a alma do vinho argentino como nenhuma outra. Hoje, mais do que nunca, valorizamos sua versatilidade, pois h\u00e1 um Malbec para cada pessoa, cada momento e cada mesa.\" \/>\n<meta property=\"og:url\" content=\"https:\/\/rutiniwines.com\/pt-br\/dia-do-malbec-nosso-carro-chefe-nosso-legado\/\" \/>\n<meta property=\"og:site_name\" content=\"Bodega Rutini Wines\" \/>\n<meta property=\"article:published_time\" content=\"2025-04-15T18:38:02+00:00\" \/>\n<meta property=\"article:modified_time\" content=\"2025-06-30T14:55:22+00:00\" \/>\n<meta property=\"og:image\" content=\"https:\/\/rutiniwines.com\/wp-content\/uploads\/2025\/04\/04-2025-Banner-Desktop-4.jpg\" \/>\n\t<meta property=\"og:image:width\" content=\"1200\" \/>\n\t<meta property=\"og:image:height\" content=\"800\" \/>\n\t<meta property=\"og:image:type\" content=\"image\/jpeg\" \/>\n<meta name=\"author\" content=\"mari\" \/>\n<meta name=\"twitter:card\" content=\"summary_large_image\" \/>\n<meta name=\"twitter:label1\" content=\"Escrito por\" \/>\n\t<meta name=\"twitter:data1\" content=\"mari\" \/>\n\t<meta name=\"twitter:label2\" content=\"Est. tempo de leitura\" \/>\n\t<meta name=\"twitter:data2\" content=\"1 minuto\" \/>\n<script type=\"application\/ld+json\" class=\"yoast-schema-graph\">{\"@context\":\"https:\\\/\\\/schema.org\",\"@graph\":[{\"@type\":\"Article\",\"@id\":\"https:\\\/\\\/rutiniwines.com\\\/pt-br\\\/dia-do-malbec-nosso-carro-chefe-nosso-legado\\\/#article\",\"isPartOf\":{\"@id\":\"https:\\\/\\\/rutiniwines.com\\\/pt-br\\\/dia-do-malbec-nosso-carro-chefe-nosso-legado\\\/\"},\"author\":{\"name\":\"mari\",\"@id\":\"https:\\\/\\\/rutiniwines.com\\\/#\\\/schema\\\/person\\\/23e1a47e02ecb840b9d66a7f4ac793d5\"},\"headline\":\"Dia do Malbec: nosso carro-chefe, nosso legado\",\"datePublished\":\"2025-04-15T18:38:02+00:00\",\"dateModified\":\"2025-06-30T14:55:22+00:00\",\"mainEntityOfPage\":{\"@id\":\"https:\\\/\\\/rutiniwines.com\\\/pt-br\\\/dia-do-malbec-nosso-carro-chefe-nosso-legado\\\/\"},\"wordCount\":251,\"publisher\":{\"@id\":\"https:\\\/\\\/rutiniwines.com\\\/#organization\"},\"image\":{\"@id\":\"https:\\\/\\\/rutiniwines.com\\\/pt-br\\\/dia-do-malbec-nosso-carro-chefe-nosso-legado\\\/#primaryimage\"},\"thumbnailUrl\":\"https:\\\/\\\/rutiniwines.com\\\/wp-content\\\/uploads\\\/2025\\\/04\\\/04-2025-Banner-Desktop-4.jpg\",\"articleSection\":[\"Not\u00edcias sobre vinhos\"],\"inLanguage\":\"pt-BR\"},{\"@type\":\"WebPage\",\"@id\":\"https:\\\/\\\/rutiniwines.com\\\/pt-br\\\/dia-do-malbec-nosso-carro-chefe-nosso-legado\\\/\",\"url\":\"https:\\\/\\\/rutiniwines.com\\\/pt-br\\\/dia-do-malbec-nosso-carro-chefe-nosso-legado\\\/\",\"name\":\"Dia do Malbec: nosso carro-chefe, nosso legado - Bodega Rutini Wines\",\"isPartOf\":{\"@id\":\"https:\\\/\\\/rutiniwines.com\\\/#website\"},\"primaryImageOfPage\":{\"@id\":\"https:\\\/\\\/rutiniwines.com\\\/pt-br\\\/dia-do-malbec-nosso-carro-chefe-nosso-legado\\\/#primaryimage\"},\"image\":{\"@id\":\"https:\\\/\\\/rutiniwines.com\\\/pt-br\\\/dia-do-malbec-nosso-carro-chefe-nosso-legado\\\/#primaryimage\"},\"thumbnailUrl\":\"https:\\\/\\\/rutiniwines.com\\\/wp-content\\\/uploads\\\/2025\\\/04\\\/04-2025-Banner-Desktop-4.jpg\",\"datePublished\":\"2025-04-15T18:38:02+00:00\",\"dateModified\":\"2025-06-30T14:55:22+00:00\",\"description\":\"Nesta 15\u00aa edi\u00e7\u00e3o do Dia Mundial do Malbec, a Rutini Wines celebra sua hist\u00f3ria, seu presente vibrante e seu futuro cheio de possibilidades. Todo dia 17 de abril, o mundo ergue sua ta\u00e7a para brindar ao Malbec, a variedade que conquistou os paladares globais e que reflete a alma do vinho argentino como nenhuma outra. Hoje, mais do que nunca, valorizamos sua versatilidade, pois h\u00e1 um Malbec para cada pessoa, cada momento e cada mesa.\",\"breadcrumb\":{\"@id\":\"https:\\\/\\\/rutiniwines.com\\\/pt-br\\\/dia-do-malbec-nosso-carro-chefe-nosso-legado\\\/#breadcrumb\"},\"inLanguage\":\"pt-BR\",\"potentialAction\":[{\"@type\":\"ReadAction\",\"target\":[\"https:\\\/\\\/rutiniwines.com\\\/pt-br\\\/dia-do-malbec-nosso-carro-chefe-nosso-legado\\\/\"]}]},{\"@type\":\"ImageObject\",\"inLanguage\":\"pt-BR\",\"@id\":\"https:\\\/\\\/rutiniwines.com\\\/pt-br\\\/dia-do-malbec-nosso-carro-chefe-nosso-legado\\\/#primaryimage\",\"url\":\"https:\\\/\\\/rutiniwines.com\\\/wp-content\\\/uploads\\\/2025\\\/04\\\/04-2025-Banner-Desktop-4.jpg\",\"contentUrl\":\"https:\\\/\\\/rutiniwines.com\\\/wp-content\\\/uploads\\\/2025\\\/04\\\/04-2025-Banner-Desktop-4.jpg\",\"width\":1200,\"height\":800},{\"@type\":\"BreadcrumbList\",\"@id\":\"https:\\\/\\\/rutiniwines.com\\\/pt-br\\\/dia-do-malbec-nosso-carro-chefe-nosso-legado\\\/#breadcrumb\",\"itemListElement\":[{\"@type\":\"ListItem\",\"position\":1,\"name\":\"Portada\",\"item\":\"https:\\\/\\\/rutiniwines.com\\\/pt-br\\\/\"},{\"@type\":\"ListItem\",\"position\":2,\"name\":\"Dia do Malbec: nosso carro-chefe, nosso legado\"}]},{\"@type\":\"WebSite\",\"@id\":\"https:\\\/\\\/rutiniwines.com\\\/#website\",\"url\":\"https:\\\/\\\/rutiniwines.com\\\/\",\"name\":\"Bodega Rutini Wines\",\"description\":\"Valle de Uco - Mendoza - Argentina\",\"publisher\":{\"@id\":\"https:\\\/\\\/rutiniwines.com\\\/#organization\"},\"potentialAction\":[{\"@type\":\"SearchAction\",\"target\":{\"@type\":\"EntryPoint\",\"urlTemplate\":\"https:\\\/\\\/rutiniwines.com\\\/?s={search_term_string}\"},\"query-input\":{\"@type\":\"PropertyValueSpecification\",\"valueRequired\":true,\"valueName\":\"search_term_string\"}}],\"inLanguage\":\"pt-BR\"},{\"@type\":\"Organization\",\"@id\":\"https:\\\/\\\/rutiniwines.com\\\/#organization\",\"name\":\"Rutini Wines\",\"alternateName\":\"Rutini\",\"url\":\"https:\\\/\\\/rutiniwines.com\\\/\",\"logo\":{\"@type\":\"ImageObject\",\"inLanguage\":\"pt-BR\",\"@id\":\"https:\\\/\\\/rutiniwines.com\\\/#\\\/schema\\\/logo\\\/image\\\/\",\"url\":\"https:\\\/\\\/rutiniwines.com\\\/wp-content\\\/uploads\\\/2024\\\/06\\\/rutini.png\",\"contentUrl\":\"https:\\\/\\\/rutiniwines.com\\\/wp-content\\\/uploads\\\/2024\\\/06\\\/rutini.png\",\"width\":313,\"height\":56,\"caption\":\"Rutini Wines\"},\"image\":{\"@id\":\"https:\\\/\\\/rutiniwines.com\\\/#\\\/schema\\\/logo\\\/image\\\/\"}},{\"@type\":\"Person\",\"@id\":\"https:\\\/\\\/rutiniwines.com\\\/#\\\/schema\\\/person\\\/23e1a47e02ecb840b9d66a7f4ac793d5\",\"name\":\"mari\",\"image\":{\"@type\":\"ImageObject\",\"inLanguage\":\"pt-BR\",\"@id\":\"https:\\\/\\\/secure.gravatar.com\\\/avatar\\\/a177835587a7141e0de677b50d893b14ba5f069ed9594fdbfc4dd13a9ac5e7ed?s=96&d=mm&r=g\",\"url\":\"https:\\\/\\\/secure.gravatar.com\\\/avatar\\\/a177835587a7141e0de677b50d893b14ba5f069ed9594fdbfc4dd13a9ac5e7ed?s=96&d=mm&r=g\",\"contentUrl\":\"https:\\\/\\\/secure.gravatar.com\\\/avatar\\\/a177835587a7141e0de677b50d893b14ba5f069ed9594fdbfc4dd13a9ac5e7ed?s=96&d=mm&r=g\",\"caption\":\"mari\"},\"url\":\"https:\\\/\\\/rutiniwines.com\\\/pt-br\\\/author\\\/mari\\\/\"}]}<\/script>\n<!-- \/ Yoast SEO plugin. -->","yoast_head_json":{"title":"Dia do Malbec: nosso carro-chefe, nosso legado - Bodega Rutini Wines","description":"Nesta 15\u00aa edi\u00e7\u00e3o do Dia Mundial do Malbec, a Rutini Wines celebra sua hist\u00f3ria, seu presente vibrante e seu futuro cheio de possibilidades. Todo dia 17 de abril, o mundo ergue sua ta\u00e7a para brindar ao Malbec, a variedade que conquistou os paladares globais e que reflete a alma do vinho argentino como nenhuma outra. Hoje, mais do que nunca, valorizamos sua versatilidade, pois h\u00e1 um Malbec para cada pessoa, cada momento e cada mesa.","robots":{"index":"index","follow":"follow","max-snippet":"max-snippet:-1","max-image-preview":"max-image-preview:large","max-video-preview":"max-video-preview:-1"},"canonical":"https:\/\/rutiniwines.com\/pt-br\/dia-do-malbec-nosso-carro-chefe-nosso-legado\/","og_locale":"pt_BR","og_type":"article","og_title":"Dia do Malbec: nosso carro-chefe, nosso legado - Bodega Rutini Wines","og_description":"Nesta 15\u00aa edi\u00e7\u00e3o do Dia Mundial do Malbec, a Rutini Wines celebra sua hist\u00f3ria, seu presente vibrante e seu futuro cheio de possibilidades. Todo dia 17 de abril, o mundo ergue sua ta\u00e7a para brindar ao Malbec, a variedade que conquistou os paladares globais e que reflete a alma do vinho argentino como nenhuma outra. Hoje, mais do que nunca, valorizamos sua versatilidade, pois h\u00e1 um Malbec para cada pessoa, cada momento e cada mesa.","og_url":"https:\/\/rutiniwines.com\/pt-br\/dia-do-malbec-nosso-carro-chefe-nosso-legado\/","og_site_name":"Bodega Rutini Wines","article_published_time":"2025-04-15T18:38:02+00:00","article_modified_time":"2025-06-30T14:55:22+00:00","og_image":[{"width":1200,"height":800,"url":"https:\/\/rutiniwines.com\/wp-content\/uploads\/2025\/04\/04-2025-Banner-Desktop-4.jpg","type":"image\/jpeg"}],"author":"mari","twitter_card":"summary_large_image","twitter_misc":{"Escrito por":"mari","Est. tempo de leitura":"1 minuto"},"schema":{"@context":"https:\/\/schema.org","@graph":[{"@type":"Article","@id":"https:\/\/rutiniwines.com\/pt-br\/dia-do-malbec-nosso-carro-chefe-nosso-legado\/#article","isPartOf":{"@id":"https:\/\/rutiniwines.com\/pt-br\/dia-do-malbec-nosso-carro-chefe-nosso-legado\/"},"author":{"name":"mari","@id":"https:\/\/rutiniwines.com\/#\/schema\/person\/23e1a47e02ecb840b9d66a7f4ac793d5"},"headline":"Dia do Malbec: nosso carro-chefe, nosso legado","datePublished":"2025-04-15T18:38:02+00:00","dateModified":"2025-06-30T14:55:22+00:00","mainEntityOfPage":{"@id":"https:\/\/rutiniwines.com\/pt-br\/dia-do-malbec-nosso-carro-chefe-nosso-legado\/"},"wordCount":251,"publisher":{"@id":"https:\/\/rutiniwines.com\/#organization"},"image":{"@id":"https:\/\/rutiniwines.com\/pt-br\/dia-do-malbec-nosso-carro-chefe-nosso-legado\/#primaryimage"},"thumbnailUrl":"https:\/\/rutiniwines.com\/wp-content\/uploads\/2025\/04\/04-2025-Banner-Desktop-4.jpg","articleSection":["Not\u00edcias sobre vinhos"],"inLanguage":"pt-BR"},{"@type":"WebPage","@id":"https:\/\/rutiniwines.com\/pt-br\/dia-do-malbec-nosso-carro-chefe-nosso-legado\/","url":"https:\/\/rutiniwines.com\/pt-br\/dia-do-malbec-nosso-carro-chefe-nosso-legado\/","name":"Dia do Malbec: nosso carro-chefe, nosso legado - Bodega Rutini Wines","isPartOf":{"@id":"https:\/\/rutiniwines.com\/#website"},"primaryImageOfPage":{"@id":"https:\/\/rutiniwines.com\/pt-br\/dia-do-malbec-nosso-carro-chefe-nosso-legado\/#primaryimage"},"image":{"@id":"https:\/\/rutiniwines.com\/pt-br\/dia-do-malbec-nosso-carro-chefe-nosso-legado\/#primaryimage"},"thumbnailUrl":"https:\/\/rutiniwines.com\/wp-content\/uploads\/2025\/04\/04-2025-Banner-Desktop-4.jpg","datePublished":"2025-04-15T18:38:02+00:00","dateModified":"2025-06-30T14:55:22+00:00","description":"Nesta 15\u00aa edi\u00e7\u00e3o do Dia Mundial do Malbec, a Rutini Wines celebra sua hist\u00f3ria, seu presente vibrante e seu futuro cheio de possibilidades. Todo dia 17 de abril, o mundo ergue sua ta\u00e7a para brindar ao Malbec, a variedade que conquistou os paladares globais e que reflete a alma do vinho argentino como nenhuma outra. Hoje, mais do que nunca, valorizamos sua versatilidade, pois h\u00e1 um Malbec para cada pessoa, cada momento e cada mesa.","breadcrumb":{"@id":"https:\/\/rutiniwines.com\/pt-br\/dia-do-malbec-nosso-carro-chefe-nosso-legado\/#breadcrumb"},"inLanguage":"pt-BR","potentialAction":[{"@type":"ReadAction","target":["https:\/\/rutiniwines.com\/pt-br\/dia-do-malbec-nosso-carro-chefe-nosso-legado\/"]}]},{"@type":"ImageObject","inLanguage":"pt-BR","@id":"https:\/\/rutiniwines.com\/pt-br\/dia-do-malbec-nosso-carro-chefe-nosso-legado\/#primaryimage","url":"https:\/\/rutiniwines.com\/wp-content\/uploads\/2025\/04\/04-2025-Banner-Desktop-4.jpg","contentUrl":"https:\/\/rutiniwines.com\/wp-content\/uploads\/2025\/04\/04-2025-Banner-Desktop-4.jpg","width":1200,"height":800},{"@type":"BreadcrumbList","@id":"https:\/\/rutiniwines.com\/pt-br\/dia-do-malbec-nosso-carro-chefe-nosso-legado\/#breadcrumb","itemListElement":[{"@type":"ListItem","position":1,"name":"Portada","item":"https:\/\/rutiniwines.com\/pt-br\/"},{"@type":"ListItem","position":2,"name":"Dia do Malbec: nosso carro-chefe, nosso legado"}]},{"@type":"WebSite","@id":"https:\/\/rutiniwines.com\/#website","url":"https:\/\/rutiniwines.com\/","name":"Bodega Rutini Wines","description":"Valle de Uco - Mendoza - Argentina","publisher":{"@id":"https:\/\/rutiniwines.com\/#organization"},"potentialAction":[{"@type":"SearchAction","target":{"@type":"EntryPoint","urlTemplate":"https:\/\/rutiniwines.com\/?s={search_term_string}"},"query-input":{"@type":"PropertyValueSpecification","valueRequired":true,"valueName":"search_term_string"}}],"inLanguage":"pt-BR"},{"@type":"Organization","@id":"https:\/\/rutiniwines.com\/#organization","name":"Rutini Wines","alternateName":"Rutini","url":"https:\/\/rutiniwines.com\/","logo":{"@type":"ImageObject","inLanguage":"pt-BR","@id":"https:\/\/rutiniwines.com\/#\/schema\/logo\/image\/","url":"https:\/\/rutiniwines.com\/wp-content\/uploads\/2024\/06\/rutini.png","contentUrl":"https:\/\/rutiniwines.com\/wp-content\/uploads\/2024\/06\/rutini.png","width":313,"height":56,"caption":"Rutini Wines"},"image":{"@id":"https:\/\/rutiniwines.com\/#\/schema\/logo\/image\/"}},{"@type":"Person","@id":"https:\/\/rutiniwines.com\/#\/schema\/person\/23e1a47e02ecb840b9d66a7f4ac793d5","name":"mari","image":{"@type":"ImageObject","inLanguage":"pt-BR","@id":"https:\/\/secure.gravatar.com\/avatar\/a177835587a7141e0de677b50d893b14ba5f069ed9594fdbfc4dd13a9ac5e7ed?s=96&d=mm&r=g","url":"https:\/\/secure.gravatar.com\/avatar\/a177835587a7141e0de677b50d893b14ba5f069ed9594fdbfc4dd13a9ac5e7ed?s=96&d=mm&r=g","contentUrl":"https:\/\/secure.gravatar.com\/avatar\/a177835587a7141e0de677b50d893b14ba5f069ed9594fdbfc4dd13a9ac5e7ed?s=96&d=mm&r=g","caption":"mari"},"url":"https:\/\/rutiniwines.com\/pt-br\/author\/mari\/"}]}},"uagb_featured_image_src":{"full":["https:\/\/rutiniwines.com\/wp-content\/uploads\/2025\/04\/04-2025-Banner-Desktop-4.jpg",1200,800,false],"thumbnail":["https:\/\/rutiniwines.com\/wp-content\/uploads\/2025\/04\/04-2025-Banner-Desktop-4-150x150.jpg",150,150,true],"medium":["https:\/\/rutiniwines.com\/wp-content\/uploads\/2025\/04\/04-2025-Banner-Desktop-4-300x200.jpg",300,200,true],"medium_large":["https:\/\/rutiniwines.com\/wp-content\/uploads\/2025\/04\/04-2025-Banner-Desktop-4-768x512.jpg",768,512,true],"large":["https:\/\/rutiniwines.com\/wp-content\/uploads\/2025\/04\/04-2025-Banner-Desktop-4-1024x683.jpg",1024,683,true],"1536x1536":["https:\/\/rutiniwines.com\/wp-content\/uploads\/2025\/04\/04-2025-Banner-Desktop-4.jpg",1200,800,false],"2048x2048":["https:\/\/rutiniwines.com\/wp-content\/uploads\/2025\/04\/04-2025-Banner-Desktop-4.jpg",1200,800,false]},"uagb_author_info":{"display_name":"mari","author_link":"https:\/\/rutiniwines.com\/pt-br\/author\/mari\/"},"uagb_comment_info":0,"uagb_excerpt":"Dia do Malbec: nosso carro-chefe, nosso legado Nesta 15\u00aa edi\u00e7\u00e3o do Dia Mundial do Malbec, a Rutini Wines celebra sua [&hellip;]","_links":{"self":[{"href":"https:\/\/rutiniwines.com\/pt-br\/wp-json\/wp\/v2\/posts\/26238","targetHints":{"allow":["GET"]}}],"collection":[{"href":"https:\/\/rutiniwines.com\/pt-br\/wp-json\/wp\/v2\/posts"}],"about":[{"href":"https:\/\/rutiniwines.com\/pt-br\/wp-json\/wp\/v2\/types\/post"}],"author":[{"embeddable":true,"href":"https:\/\/rutiniwines.com\/pt-br\/wp-json\/wp\/v2\/users\/4"}],"replies":[{"embeddable":true,"href":"https:\/\/rutiniwines.com\/pt-br\/wp-json\/wp\/v2\/comments?post=26238"}],"version-history":[{"count":1,"href":"https:\/\/rutiniwines.com\/pt-br\/wp-json\/wp\/v2\/posts\/26238\/revisions"}],"predecessor-version":[{"id":26240,"href":"https:\/\/rutiniwines.com\/pt-br\/wp-json\/wp\/v2\/posts\/26238\/revisions\/26240"}],"wp:featuredmedia":[{"embeddable":true,"href":"https:\/\/rutiniwines.com\/pt-br\/wp-json\/wp\/v2\/media\/25739"}],"wp:attachment":[{"href":"https:\/\/rutiniwines.com\/pt-br\/wp-json\/wp\/v2\/media?parent=26238"}],"wp:term":[{"taxonomy":"category","embeddable":true,"href":"https:\/\/rutiniwines.com\/pt-br\/wp-json\/wp\/v2\/categories?post=26238"},{"taxonomy":"post_tag","embeddable":true,"href":"https:\/\/rutiniwines.com\/pt-br\/wp-json\/wp\/v2\/tags?post=26238"}],"curies":[{"name":"wp","href":"https:\/\/api.w.org\/{rel}","templated":true}]}}